{"id":1591,"date":"2021-03-20T19:09:04","date_gmt":"2021-03-20T19:09:04","guid":{"rendered":"http:\/\/bosonconsultoria.com\/?p=1591"},"modified":"2021-03-20T19:09:04","modified_gmt":"2021-03-20T19:09:04","slug":"descubra-como-os-danos-ambientais-podem-impactar-no-seu-negocio","status":"publish","type":"post","link":"https:\/\/bosonconsultoria.com\/index.php\/2021\/03\/20\/descubra-como-os-danos-ambientais-podem-impactar-no-seu-negocio\/","title":{"rendered":"DESCUBRA COMO OS DANOS AMBIENTAIS PODEM IMPACTAR NO SEU NEG\u00d3CIO"},"content":{"rendered":"\t\t<div data-elementor-type=\"wp-post\" data-elementor-id=\"1591\" class=\"elementor elementor-1591\" data-elementor-post-type=\"post\">\n\t\t\t\t\t\t<section class=\"elementor-section elementor-top-section elementor-element elementor-element-ef46ede elementor-section-boxed elementor-section-height-default elementor-section-height-default\" data-id=\"ef46ede\" data-element_type=\"section\" data-e-type=\"section\">\n\t\t\t\t\t\t<div class=\"elementor-container elementor-column-gap-default\">\n\t\t\t\t\t<div class=\"elementor-column elementor-col-66 elementor-top-column elementor-element elementor-element-6e97b83\" data-id=\"6e97b83\" data-element_type=\"column\" data-e-type=\"column\">\n\t\t\t<div class=\"elementor-widget-wrap elementor-element-populated\">\n\t\t\t\t\t\t<div class=\"elementor-element elementor-element-d97579b elementor-widget elementor-widget-text-editor\" data-id=\"d97579b\" data-element_type=\"widget\" data-e-type=\"widget\" data-widget_type=\"text-editor.default\">\n\t\t\t\t<div class=\"elementor-widget-container\">\n\t\t\t\t\t\t\t\t\t<p class=\"MsoNormal\" style=\"text-align: justify; text-indent: 35.4pt;\">Voc\u00ea acha que a preocupa\u00e7\u00e3o com o meio ambiente \u00e9 somente dos ecologistas? Essa ideia j\u00e1 est\u00e1 no passado! Hoje em dia empresas do mundo todo se preocupam e tem responsabilidade quanto aos res\u00edduos que s\u00e3o gerados, essa responsabilidade \u00e9 tanto moral como jur\u00eddica, garantida pela Lei n\u00ba6.983\/81.<\/p><p class=\"MsoNormal\" style=\"text-align: justify; text-indent: 35.4pt;\">Al\u00e9m do mercado atual, que exige o posicionamento das empresas quanto a sua atua\u00e7\u00e3o na preserva\u00e7\u00e3o do meio ambiente, tamb\u00e9m temos leis ambientais muito r\u00edgidas o que for\u00e7a os empres\u00e1rios a ter controle sobre os impactos causados por sua produ\u00e7\u00e3o.<\/p><p class=\"MsoNormal\" style=\"text-align: justify; text-indent: 35.4pt;\">Em diversos processos, sejam industriais ou produ\u00e7\u00f5es de menor escala, ocorre a gera\u00e7\u00e3o de res\u00edduos. Mas isso interfere muito? A resposta com total certeza \u00e9 SIM!<\/p><p class=\"MsoNormal\" style=\"text-align: justify; text-indent: 35.4pt;\">Podemos criar uma linha de pensamento, desde a chegada da mat\u00e9ria-prima at\u00e9 o produto pronto e dispon\u00edvel para o consumidor e identificar poss\u00edveis res\u00edduos gerados:<\/p><p class=\"MsoListParagraphCxSpFirst\" style=\"margin-left: 71.4pt; mso-add-space: auto; text-align: justify; text-indent: -18.0pt; mso-list: l0 level1 lfo1;\"><!-- [if !supportLists]--><span style=\"font-family: Symbol; mso-fareast-font-family: Symbol; mso-bidi-font-family: Symbol;\">\u00b7<span style=\"font-variant-numeric: normal; font-variant-east-asian: normal; font-stretch: normal; font-size: 7pt; line-height: normal; font-family: 'Times New Roman';\">\u00a0\u00a0\u00a0\u00a0\u00a0\u00a0\u00a0 <\/span><\/span><!--[endif]-->Mat\u00e9ria-prima \u2013 Podem ser gerados res\u00edduos caso a qualidade do material n\u00e3o seja verificada, ocasionando em desperd\u00edcios;<\/p><p class=\"MsoListParagraphCxSpMiddle\" style=\"margin-left: 71.4pt; mso-add-space: auto; text-align: justify; text-indent: -18.0pt; mso-list: l0 level1 lfo1;\"><!-- [if !supportLists]--><span style=\"font-family: Symbol; mso-fareast-font-family: Symbol; mso-bidi-font-family: Symbol;\">\u00b7<span style=\"font-variant-numeric: normal; font-variant-east-asian: normal; font-stretch: normal; font-size: 7pt; line-height: normal; font-family: 'Times New Roman';\">\u00a0\u00a0\u00a0\u00a0\u00a0\u00a0\u00a0 <\/span><\/span><!--[endif]-->Processo \u2013 Durante o processo de produ\u00e7\u00e3o o aumento da perca de mat\u00e9ria-prima \u00e9 grande caso esta seja de qualidade menor, por\u00e9m fatores como processos mal estruturados, layout desatualizado tamb\u00e9m interferem;<\/p><p class=\"MsoListParagraphCxSpMiddle\" style=\"margin-left: 71.4pt; mso-add-space: auto; text-align: justify; text-indent: -18.0pt; mso-list: l0 level1 lfo1;\"><!-- [if !supportLists]--><span style=\"font-family: Symbol; mso-fareast-font-family: Symbol; mso-bidi-font-family: Symbol;\">\u00b7<span style=\"font-variant-numeric: normal; font-variant-east-asian: normal; font-stretch: normal; font-size: 7pt; line-height: normal; font-family: 'Times New Roman';\">\u00a0\u00a0\u00a0\u00a0\u00a0\u00a0\u00a0 <\/span><\/span><!--[endif]-->Armazenamento \u2013 Muitas empresas produzem e mant\u00e9m o seu material em estoque, se mal gerencial \u00e9 um grande gerador de res\u00edduos! Pe\u00e7as que foram produzidas e sa\u00edram de linha, produ\u00e7\u00e3o em uma escala grande pra manter o estoque e demais fatores geram res\u00edduos e interferem at\u00e9 no seu produto final;<\/p><p class=\"MsoListParagraphCxSpLast\" style=\"margin-left: 71.4pt; mso-add-space: auto; text-align: justify; text-indent: -18.0pt; mso-list: l0 level1 lfo1;\"><!-- [if !supportLists]--><span style=\"font-family: Symbol; mso-fareast-font-family: Symbol; mso-bidi-font-family: Symbol;\">\u00b7<span style=\"font-variant-numeric: normal; font-variant-east-asian: normal; font-stretch: normal; font-size: 7pt; line-height: normal; font-family: 'Times New Roman';\">\u00a0\u00a0\u00a0\u00a0\u00a0\u00a0\u00a0 <\/span><\/span><!--[endif]-->Transporte \u2013 Uma log\u00edstica de transporte mal estruturada pode causar defeitos nos seus produtos e gerar res\u00edduos.<\/p><p class=\"MsoNormal\" style=\"text-align: justify; text-indent: 35.4pt;\">Al\u00e9m de todos esses pontos, tamb\u00e9m \u00e9 necess\u00e1rio se atentar ao p\u00f3s venda, onde a quantidade de embalagem que vai ser descartada \u00e9 um agravante!<\/p><p class=\"MsoNormal\" style=\"text-align: justify; text-indent: 35.4pt;\">Todos estes desperd\u00edcios causam danos ao meio ambiente e percas financeiras. Al\u00e9m de perder dinheiro com o mal uso da mat\u00e9ria-prima caso n\u00e3o se preocupe com o meio ambiente, tamb\u00e9m multas severas conforme os danos causados.<\/p><p>\u00a0<\/p><p class=\"MsoNormal\" style=\"text-align: justify; text-indent: 35.4pt;\">Por isso \u00e9 de extrema import\u00e2ncia o gerenciamento dos res\u00edduos gerados, para auxiliar em toda a produ\u00e7\u00e3o (entendendo onde e quanto de res\u00edduo \u00e9 gerado em cada setor) e tamb\u00e9m para manter a conformidade com os \u00f3rg\u00e3os ambientais.\u00a0<\/p>\t\t\t\t\t\t\t\t<\/div>\n\t\t\t\t<\/div>\n\t\t\t\t\t<\/div>\n\t\t<\/div>\n\t\t\t\t<div class=\"elementor-column elementor-col-33 elementor-top-column elementor-element elementor-element-6ca747d\" data-id=\"6ca747d\" data-element_type=\"column\" data-e-type=\"column\">\n\t\t\t<div class=\"elementor-widget-wrap elementor-element-populated\">\n\t\t\t\t\t\t<div class=\"elementor-element elementor-element-1282c51 elementor-widget elementor-widget-image\" data-id=\"1282c51\" data-element_type=\"widget\" data-e-type=\"widget\" data-widget_type=\"image.default\">\n\t\t\t\t<div class=\"elementor-widget-container\">\n\t\t\t\t\t\t\t\t\t\t\t\t\t\t\t<img fetchpriority=\"high\" decoding=\"async\" width=\"800\" height=\"522\" src=\"https:\/\/bosonconsultoria.com\/wp-content\/uploads\/2021\/03\/screen-1-1.jpg\" class=\"attachment-large size-large wp-image-1592\" alt=\"\" srcset=\"https:\/\/bosonconsultoria.com\/wp-content\/uploads\/2021\/03\/screen-1-1.jpg 800w, https:\/\/bosonconsultoria.com\/wp-content\/uploads\/2021\/03\/screen-1-1-300x196.jpg 300w, https:\/\/bosonconsultoria.com\/wp-content\/uploads\/2021\/03\/screen-1-1-768x501.jpg 768w\" sizes=\"(max-width: 800px) 100vw, 800px\" \/>\t\t\t\t\t\t\t\t\t\t\t\t\t\t\t<\/div>\n\t\t\t\t<\/div>\n\t\t\t\t\t<\/div>\n\t\t<\/div>\n\t\t\t\t\t<\/div>\n\t\t<\/section>\n\t\t\t\t<\/div>\n\t\t","protected":false},"excerpt":{"rendered":"<p>Voc\u00ea acha que a preocupa\u00e7\u00e3o com o meio ambiente \u00e9 somente dos ecologistas? Essa ideia j\u00e1 est\u00e1 no passado! Hoje em dia empresas do mundo todo se preocupam e tem responsabilidade quanto aos res\u00edduos que s\u00e3o gerados, essa responsabilidade \u00e9 tanto moral como jur\u00eddica, garantida pela Lei n\u00ba6.983\/81. Al\u00e9m do mercado atual, que exige o [&hellip;]<\/p>\n","protected":false},"author":1,"featured_media":1592,"comment_status":"open","ping_status":"open","sticky":false,"template":"","format":"standard","meta":{"_joinchat":[],"footnotes":""},"categories":[1],"tags":[],"class_list":["post-1591","post","type-post","status-publish","format-standard","has-post-thumbnail","hentry","category-sem-categoria"],"_links":{"self":[{"href":"https:\/\/bosonconsultoria.com\/index.php\/wp-json\/wp\/v2\/posts\/1591","targetHints":{"allow":["GET"]}}],"collection":[{"href":"https:\/\/bosonconsultoria.com\/index.php\/wp-json\/wp\/v2\/posts"}],"about":[{"href":"https:\/\/bosonconsultoria.com\/index.php\/wp-json\/wp\/v2\/types\/post"}],"author":[{"embeddable":true,"href":"https:\/\/bosonconsultoria.com\/index.php\/wp-json\/wp\/v2\/users\/1"}],"replies":[{"embeddable":true,"href":"https:\/\/bosonconsultoria.com\/index.php\/wp-json\/wp\/v2\/comments?post=1591"}],"version-history":[{"count":0,"href":"https:\/\/bosonconsultoria.com\/index.php\/wp-json\/wp\/v2\/posts\/1591\/revisions"}],"wp:featuredmedia":[{"embeddable":true,"href":"https:\/\/bosonconsultoria.com\/index.php\/wp-json\/wp\/v2\/media\/1592"}],"wp:attachment":[{"href":"https:\/\/bosonconsultoria.com\/index.php\/wp-json\/wp\/v2\/media?parent=1591"}],"wp:term":[{"taxonomy":"category","embeddable":true,"href":"https:\/\/bosonconsultoria.com\/index.php\/wp-json\/wp\/v2\/categories?post=1591"},{"taxonomy":"post_tag","embeddable":true,"href":"https:\/\/bosonconsultoria.com\/index.php\/wp-json\/wp\/v2\/tags?post=1591"}],"curies":[{"name":"wp","href":"https:\/\/api.w.org\/{rel}","templated":true}]}}