{"id":1097,"date":"2020-08-04T13:27:57","date_gmt":"2020-08-04T13:27:57","guid":{"rendered":"http:\/\/bosonconsultoria.com\/?p=1097"},"modified":"2020-08-04T13:27:57","modified_gmt":"2020-08-04T13:27:57","slug":"descubra-como-otimizar-espaco-para-impactar-seu-negocio","status":"publish","type":"post","link":"https:\/\/bosonconsultoria.com\/index.php\/2020\/08\/04\/descubra-como-otimizar-espaco-para-impactar-seu-negocio\/","title":{"rendered":"DESCUBRA COMO OTIMIZAR ESPA\u00c7O PARA IMPACTAR SEU NEG\u00d3CIO"},"content":{"rendered":"\t\t<div data-elementor-type=\"wp-post\" data-elementor-id=\"1097\" class=\"elementor elementor-1097\" data-elementor-post-type=\"post\">\n\t\t\t\t\t\t<section class=\"elementor-section elementor-top-section elementor-element elementor-element-8a56b00 elementor-section-boxed elementor-section-height-default elementor-section-height-default\" data-id=\"8a56b00\" data-element_type=\"section\" data-e-type=\"section\">\n\t\t\t\t\t\t<div class=\"elementor-container elementor-column-gap-default\">\n\t\t\t\t\t<div class=\"elementor-column elementor-col-66 elementor-top-column elementor-element elementor-element-317d4f9\" data-id=\"317d4f9\" data-element_type=\"column\" data-e-type=\"column\">\n\t\t\t<div class=\"elementor-widget-wrap elementor-element-populated\">\n\t\t\t\t\t\t<div class=\"elementor-element elementor-element-86ed8ee elementor-widget elementor-widget-text-editor\" data-id=\"86ed8ee\" data-element_type=\"widget\" data-e-type=\"widget\" data-widget_type=\"text-editor.default\">\n\t\t\t\t<div class=\"elementor-widget-container\">\n\t\t\t\t\t\t\t\t\t<p style=\"text-align: justify; text-indent: 1.0cm; margin: 12.25pt 17.5pt .0001pt -1.0cm;\"><b><span style=\"font-family: 'Arial',sans-serif; color: black;\">\u00a0 \u00a0 \u00a0 \u00a0 \u00a0 \u00a0 DESCUBRA COMO OTIMIZAR ESPA\u00c7O PARA IMPACTAR SEU\u00a0 \u00a0NEG\u00d3CIO\u00a0<\/span><\/b><b><\/b><\/p><p style=\"text-align: justify; text-indent: 1.0cm; margin: 12.25pt 17.5pt .0001pt -1.0cm;\"><b><span style=\"font-family: 'Arial',sans-serif; color: black;\">O QUE \u00c9 O PGRS?\u00a0<\/span><\/b><b><\/b><\/p><p style=\"text-align: justify; text-indent: 1.0cm; margin: 10.8pt 37.2pt .0001pt -1.0cm;\"><span style=\"font-family: 'Arial',sans-serif; color: black;\">O PGRS \u00e9 um documento que comprova que um empreendimento tem capacidade de gerir de uma forma ambientalmente correta os res\u00edduos que foram gerados em seus processos produtivos.\u00a0<\/span><\/p><p style=\"text-align: justify; text-indent: 1.0cm; margin: 11.05pt 22.55pt .0001pt -1.0cm;\"><span style=\"white-space: pre-wrap;\"><span style=\"font-family: 'Arial',sans-serif; color: black;\">Esse documento prev\u00ea um conjunto de a\u00e7\u00f5es relacionadas a etapas de segrega\u00e7\u00e3o, armazenamento, coleta, transporte, reciclagem e disposi\u00e7\u00e3o final de todos os res\u00edduos s\u00f3lidos, levando em considera\u00e7\u00e3o o tipo e a quantidade destes.\u00a0<\/span><\/span><\/p><p style=\"text-align: justify; text-indent: 1.0cm; margin: 10.8pt 13.45pt .0001pt -1.0cm;\"><span style=\"white-space: pre-wrap;\"><span style=\"font-family: 'Arial',sans-serif; color: black;\">O PGRS PODE REPRESENTAR UMA REDU\u00c7\u00c3O DE GASTOS PARA A SUA EMPRESA!\u00a0<\/span><\/span><\/p><p style=\"text-align: justify; text-indent: 1.0cm; margin: 10.8pt 22.3pt .0001pt -1.0cm;\"><span style=\"white-space: pre-wrap;\"><b><span style=\"font-family: 'Arial',sans-serif; color: black;\">COMO?<\/span><\/b><\/span><\/p><p style=\"text-align: justify; text-indent: 1.0cm; margin: 10.8pt 22.3pt .0001pt -1.0cm;\"><span style=\"font-family: 'Arial',sans-serif; color: black;\">O PGRS identifica poss\u00edveis desperd\u00edcios de mat\u00e9ria-prima, m\u00e3o-de-obra, equipamentos e define indicadores de desempenho. Sendo assim, por meio dessas an\u00e1lises pode identificar se houve alguma falha no processo produtivo podendo gerar corre\u00e7\u00f5es visando a diminui\u00e7\u00e3o de gastos e aumento do lucro.\u00a0<\/span><\/p><p style=\"text-align: justify; text-indent: 1.0cm; margin: 10.8pt 22.3pt .0001pt -1.0cm;\"><b><span style=\"font-family: 'Arial',sans-serif; color: black;\">COMO O PGRS IMPACTA O SEU NEG\u00d3CIO?\u00a0<\/span><\/b><b><\/b><\/p><p style=\"text-align: justify; text-indent: 1.0cm; margin: 10.8pt 14.4pt .0001pt -1.0cm;\"><span style=\"font-family: 'Arial',sans-serif; color: black;\">Al\u00e9m de estar em conformidade com a legisla\u00e7\u00e3o, o PGRS traz v\u00e1rios benef\u00edcios. Um deles \u00e9 a otimiza\u00e7\u00e3o de espa\u00e7o que pode ser um grande passo para ampliar e otimizar as etapas de armazenamento dos res\u00edduos. Otimizando os processos de descarte e o armazenamento tempor\u00e1rio.\u00a0<\/span><\/p><p style=\"text-align: justify; text-indent: 1.0cm; margin: 10.8pt 14.4pt .0001pt -1.0cm;\"><b><span style=\"font-family: 'Arial',sans-serif; color: black;\">OTIMIZA\u00c7\u00c3O DOS PROCESSOS DE DESCARTE VS ARMAZENAMENTO\u00a0<\/span><\/b><b><\/b><\/p><p style=\"text-align: justify; text-indent: 1.0cm; margin: 10.8pt 12.95pt .0001pt -1.0cm;\"><span style=\"font-family: 'Arial',sans-serif; color: black;\">O PGRS estabelece uma metodologia padronizada para o tratamento de res\u00edduos. Assim como o local de armazenamento apropriado, o tempo que estar\u00e1 armazenado e a forma de coleta ideal e o volume de gera\u00e7\u00e3o. Para isso necessita de processos sistematizados para a otimiza\u00e7\u00e3o do espa\u00e7o e o melhor funcionamento da empresa.\u00a0<\/span><\/p><p style=\"text-align: justify; text-indent: 1.0cm; margin: 10.8pt 13.7pt .0001pt -1.0cm;\"><span style=\"white-space: pre-wrap;\"><span style=\"font-family: 'Arial',sans-serif; color: black;\">O aproveitamento do espa\u00e7o exige diagn\u00f3stico, analisando as necessidades da empresa em busca de solu\u00e7\u00f5es dispon\u00edveis que melhor possam atender seus processos.\u00a0<\/span><\/span><\/p><p style=\"text-align: justify; text-indent: 1.0cm; margin: 10.8pt 13.7pt .0001pt -1.0cm;\"><b><span style=\"font-family: 'Arial',sans-serif; color: black;\">SETOR DE ARMAZENAGEM E OTIMIZA\u00c7\u00c3O DO ESPA\u00c7O F\u00cdSICO\u00a0<\/span><\/b><\/p><p style=\"text-align: justify; text-indent: 1.0cm; margin: 11.05pt 24.95pt .0001pt -1.0cm;\"><span style=\"font-family: 'Arial',sans-serif; color: black;\">Para toda a forma\u00e7\u00e3o de res\u00edduos deve haver um espa\u00e7o de armazenamento dos mesmos. Por\u00e9m, pode representar um problema de organiza\u00e7\u00e3o de espa\u00e7o. Isso pode gerar gastos al\u00e9m do planejado e por se expressar em um espa\u00e7o f\u00edsico, tornar o processo n\u00e3o funcional.\u00a0<\/span><\/p><p style=\"text-align: justify; text-indent: 1.0cm; margin: 11.05pt 24.95pt .0001pt -1.0cm;\"><b><span style=\"font-family: 'Arial',sans-serif; color: black;\">GERA\u00c7\u00c3O DE UM ESPA\u00c7O TEMPOR\u00c1RIO:\u00a0<\/span><\/b><b><\/b><\/p><p style=\"text-align: justify; text-indent: 1.0cm; margin: 10.8pt 19.2pt .0001pt -1.0cm;\"><span style=\"font-family: 'Arial',sans-serif; color: black;\">Cria\u00e7\u00e3o de uma conten\u00e7\u00e3o tempor\u00e1ria de res\u00edduos para espera de reciclagem, recupera\u00e7\u00e3o, tratamento ou disposi\u00e7\u00e3o final adequadas, desde que atenda \u00e0s condi\u00e7\u00f5es b\u00e1sicas de seguran\u00e7a\u00a0<\/span><\/p><p style=\"text-align: justify; text-indent: 1.0cm; margin: 11.75pt 23.5pt .0001pt -1.0cm;\"><span style=\"white-space: pre-wrap;\"><span style=\"font-family: 'Arial',sans-serif; color: black;\">\u2022 LEGISLA\u00c7\u00c3O VIGENTE: <\/span>A NBR 11.174\/90 fixa as condi\u00e7\u00f5es exig\u00edveis para obten\u00e7\u00e3o das condi\u00e7\u00f5es m\u00ednimas necess\u00e1rias ao armazenamento de res\u00edduos classes IIA e IIB e a NBR 12.235\/92 disp\u00f5es sobre os res\u00edduos classe I.\u00a0<\/span><\/p><p style=\"text-align: justify; text-indent: 1.0cm; margin: 11.75pt 23.5pt .0001pt -1.0cm;\"><b><span style=\"font-family: 'Arial',sans-serif;\">\u00a0\u00a0\u00a0 <span style=\"color: black;\">COLETA E TRANSPORTE EXTERNOS<\/span><\/span><\/b><span style=\"font-family: 'Arial',sans-serif; color: black;\">:\u00a0<\/span><\/p><p style=\"text-align: justify; text-indent: 1.0cm; margin: 10.8pt 14.4pt .0001pt -1.0cm;\"><span style=\"font-family: 'Arial',sans-serif; color: black;\">Consistem na remo\u00e7\u00e3o dos res\u00edduos s\u00f3lidos do armazenamento tempor\u00e1rio at\u00e9 a destina\u00e7\u00e3o final ambientalmente adequada, se utilizando de t\u00e9cnicas que garantam a preserva\u00e7\u00e3o das condi\u00e7\u00f5es de acondicionamento e a integridade dos trabalhadores, da popula\u00e7\u00e3o e do meio ambiente, devendo estar de acordo com as orienta\u00e7\u00f5es dos \u00f3rg\u00e3os de limpeza urbana. Os res\u00edduos s\u00f3lidos armazenados devem ser coletados com frequ\u00eancia compat\u00edvel com suas caracter\u00edsticas de degradabilidade, visto que um armazenamento prolongado destes res\u00edduos, ainda que segregados, aumenta o risco de contamina\u00e7\u00e3o ambiental e a propaga\u00e7\u00e3o de doen\u00e7as.\u00a0<\/span><\/p><p style=\"text-align: justify; text-indent: 1.0cm; margin: 10.8pt 14.4pt .0001pt -1.0cm;\"><b><span style=\"font-family: 'Arial',sans-serif; color: black;\">OTIMIZAR O ESPA\u00c7O \u00c9 ESSENCIAL!\u00a0<\/span><\/b><b><\/b><\/p><p style=\"text-align: justify; text-indent: 1.0cm; margin: 11.05pt 32.9pt .0001pt -1.0cm;\"><span style=\"font-family: 'Arial',sans-serif; color: black;\">Com a otimiza\u00e7\u00e3o do espa\u00e7o faz com que uma empresa consiga um melhor sistema de armazenagem e maior competitividade.\u00a0<\/span><\/p><p style=\"text-align: justify; text-indent: 1.0cm; margin: 11.05pt 32.9pt .0001pt -1.0cm;\"><b><span style=\"font-family: 'Arial',sans-serif; color: black;\">UTILIZA\u00c7\u00c3O DO ESPA\u00c7O F\u00cdSICO:\u00a0<\/span><\/b><b><\/b><\/p><p style=\"text-align: justify; text-indent: 1.0cm; margin: 10.8pt 27.85pt .0001pt -1.0cm;\"><span style=\"font-family: 'Arial',sans-serif; color: black;\">Por muitos anos a utiliza\u00e7\u00e3o do espa\u00e7o f\u00edsico se voltava mais para a \u00e1rea do que para a altura e o espa\u00e7o utilizado pela armazenagem normalmente era o menos adequado dentro do espa\u00e7o destinado ao armazenamento.\u00a0<\/span><\/p><p style=\"text-align: justify; text-indent: 1.0cm; margin: 10.8pt 27.85pt .0001pt -1.0cm;\"><span style=\"font-family: 'Arial',sans-serif; color: black;\">Altura: Representa uma solu\u00e7\u00e3o eficaz entre as formas de otimizar o espa\u00e7o a, podendo guardar maior quantidade de itens, estruturando tamb\u00e9m um sistema de movimenta\u00e7\u00e3o seguro e eficiente. Por\u00e9m, deve-se ter uma avalia\u00e7\u00e3o pr\u00e9via e um planejamento adequado. Sendo necess\u00e1rio um estudo t\u00e9cnico, identificando as necessidades da empresa.\u00a0<\/span><\/p><p style=\"text-align: justify; text-indent: 1.0cm; margin: 0cm 18.95pt .0001pt -1.0cm;\"><span style=\"font-family: 'Arial',sans-serif; color: black;\">Espa\u00e7o dispon\u00edvel: Ap\u00f3s a avalia\u00e7\u00e3o e estudo t\u00e9cnico \u00e9 preciso verificar o espa\u00e7o dispon\u00edvel para instala\u00e7\u00e3o de novas estruturas, combinando as caracter\u00edsticas de \u00e1rea horizontal e \u00e1rea vertical, podendo, assim, dimensionar as instala\u00e7\u00f5es para otimizar a movimenta\u00e7\u00e3o e diminuir os custos de log\u00edstica<\/span><span style=\"white-space: pre-wrap;\"><span style=\"font-family: 'Arial',sans-serif; color: #5d6576;\">.\u00a0<\/span><\/span><\/p><p style=\"text-align: justify; text-indent: 1.0cm; margin: 20.65pt 30.5pt .0001pt -1.0cm;\"><span style=\"white-space: pre-wrap;\"><span style=\"font-family: 'Arial',sans-serif; color: black;\">O sistema log\u00edstico vem se tornando como uma das principais formas para a redu\u00e7\u00e3o de custos em uma empresa, logo \u00e9 importante que as formas de otimizar o espa\u00e7o seja racional.\u00a0<\/span><\/span><\/p><p style=\"text-align: justify; text-indent: 1.0cm; margin: 20.4pt 17.5pt .0001pt -1.0cm;\"><span style=\"white-space: pre-wrap;\"><span style=\"font-family: 'Arial',sans-serif; color: black;\">Para otimizar o espa\u00e7o levando em considera\u00e7\u00e3o as formas de armazenamento, espa\u00e7o dispon\u00edvel e log\u00edstica \u00e9 preciso uma harmonia da integra\u00e7\u00e3o entre a estrutura do armaz\u00e9m, os equipamentos que possibilitam a movimenta\u00e7\u00e3o dos res\u00edduos armazenados e o controle de todas as opera\u00e7\u00f5es.\u00a0<\/span><\/span><\/p><p style=\"text-align: justify; text-indent: 1.0cm; margin: 20.4pt 17.5pt .0001pt -1.0cm;\"><b><span style=\"font-family: 'Arial',sans-serif; color: black;\">AN\u00c1LISE DO SISTEMA DE ARMAZENAGEM:\u00a0<\/span><\/b><b><\/b><\/p><p style=\"text-align: justify; text-indent: 1.0cm; margin: 20.65pt 14.9pt .0001pt -1.0cm;\"><span style=\"font-family: 'Arial',sans-serif; color: black;\">Deve-se considerar a localiza\u00e7\u00e3o de cada item, o gerenciamento do sistema de armazenagem. Como tamb\u00e9m a movimenta\u00e7\u00e3o, o layout do armaz\u00e9m e a movimenta\u00e7\u00e3o dos itens.\u00a0<\/span><\/p><p style=\"text-align: justify; text-indent: 1.0cm; margin: 20.65pt 14.9pt .0001pt -1.0cm;\"><b><span style=\"font-family: 'Arial',sans-serif; color: black;\">FORMAS DE OTIMIZAR O ESPA\u00c7O:\u00a0<\/span><\/b><b><\/b><\/p><p style=\"text-align: justify; text-indent: 1.0cm; margin: 20.4pt 42.5pt .0001pt -1.0cm;\"><span style=\"font-family: 'Arial',sans-serif; color: black;\">Para ter a melhor forma de otimizar o espa\u00e7o \u00e9 importante considerar a demanda, levando em considera\u00e7\u00e3o as principais caracter\u00edsticas dos itens necess\u00e1rios para a produ\u00e7\u00e3o.\u00a0<\/span><\/p><p style=\"text-align: justify; text-indent: 1.0cm; margin: 20.65pt 25.2pt .0001pt -1.0cm;\"><span style=\"white-space: pre-wrap;\"><b><span style=\"font-family: 'Arial',sans-serif; color: black;\">&#8211; SISTEMA DE PALETES:<\/span><\/b><span style=\"font-family: 'Arial',sans-serif; color: black;\"> \u00e9 eficiente para maior organiza\u00e7\u00e3o por ser de f\u00e1cil movimenta\u00e7\u00e3o e por ser de f\u00e1cil montagem e desmontagem, oferecendo agilidade. \u00c9 mais em ind\u00fastrias com maior variedade de itens, que podem se beneficiar com a organiza\u00e7\u00e3o, tanto horizontal quanto verticalmente.\u00a0<\/span><\/span><\/p><p style=\"text-align: justify; text-indent: 1.0cm; margin: 20.65pt 21.85pt .0001pt -1.0cm;\"><span style=\"white-space: pre-wrap;\"><b><span style=\"font-family: 'Arial',sans-serif; color: black;\">&#8211; ESTRUTURA PORTA PALETES:<\/span><\/b><span style=\"font-family: 'Arial',sans-serif; color: black;\"> Estantes para produtos j\u00e1 paletizados em planos inclinados e com pistas de roletes para movimentar a carga atrav\u00e9s da a\u00e7\u00e3o da gravidade, utilizando o sistema FIFO de armazenagem. A movimenta\u00e7\u00e3o dos itens \u00e9 feita com controle de velocidade, oferecendo assim uma maior seguran\u00e7a nas opera\u00e7\u00f5es e mais agilidade na organiza\u00e7\u00e3o do estoque<\/span><\/span><span style=\"white-space: pre-wrap;\"><span style=\"font-family: 'Arial',sans-serif; color: #5d6576;\">.\u00a0<\/span><\/span><\/p><p style=\"text-align: justify; text-indent: 1.0cm; margin: 20.65pt 16.55pt .0001pt -1.0cm;\"><span style=\"white-space: pre-wrap;\"><b><span style=\"font-family: 'Arial',sans-serif; color: black;\">&#8211; ESTRUTURA MEZANINO:<\/span><\/b><span style=\"font-family: 'Arial',sans-serif; color: black;\"> Permite a verticaliza\u00e7\u00e3o dos estoques oferecendo maior eleva\u00e7\u00e3o, permitindo a instala\u00e7\u00e3o de prateleiras, tornando a armazenagem mais eficiente.\u00a0<\/span><\/span><\/p><p style=\"text-align: justify; text-indent: 1.0cm; margin: 20.65pt 17.3pt .0001pt -1.0cm;\"><span style=\"white-space: pre-wrap;\"><b><span style=\"font-family: 'Arial',sans-serif; color: black;\">&#8211; SISTEMA CANTILEVER:<\/span><\/b><span style=\"font-family: 'Arial',sans-serif; color: black;\"> Voltado para a armazenagem de materiais com maior comprimento, largura, volume ou peso, podendo armazenar materiais de formatos variados. A estrutura oferece maior resist\u00eancia e f\u00e1cil adapta\u00e7\u00e3o ao armaz\u00e9m, aproveitando melhor o espa\u00e7o. Sendo uma estrutura desmont\u00e1vel, gerando praticidade.\u00a0<\/span><\/span><\/p><p style=\"text-align: justify; text-indent: 1.0cm; margin: 0cm 26.4pt .0001pt -1.0cm;\"><span style=\"white-space: pre-wrap;\"><b><span style=\"font-family: 'Arial',sans-serif; color: black;\">&#8211; SISTEMA DE ESTANTES:<\/span><\/b><span style=\"font-family: 'Arial',sans-serif; color: black;\"> Voltado para itens menores e mais leves, sendo uma das formas mais eficazes e simples de otimizar espa\u00e7o.\u00a0<\/span><\/span><\/p><p style=\"text-align: justify; text-indent: 1.0cm; margin: 20.65pt 85.9pt .0001pt -1.0cm;\"><span style=\"white-space: pre-wrap;\"><b><span style=\"font-family: 'Arial',sans-serif; color: black;\">COMO OTIMIZAR ESPA\u00c7O PARA IMPACTAR SEU NEG\u00d3CIO?\u00a0<\/span><\/b><\/span><b><\/b><\/p><p style=\"text-align: justify; text-indent: 1.0cm; margin: 20.4pt 20.4pt .0001pt -1.0cm;\"><span style=\"white-space: pre-wrap;\"><span style=\"font-family: 'Arial',sans-serif; color: black;\">Otimizar o espa\u00e7o representar\u00e1 uma forma eficaz de diminui\u00e7\u00e3o de gastos e um melhor planejamento da delimita\u00e7\u00e3o de espa\u00e7o. Analisando o espa\u00e7o j\u00e1 dispon\u00edvel para o armazenamento de res\u00edduos, para a afirma\u00e7\u00e3o de uma melhor distribui\u00e7\u00e3o, tornando assim um local bem distribu\u00eddo e planejado a fim de otimizar o processo de armazenamento e facilitando a distribui\u00e7\u00e3o final dos res\u00edduos.\u00a0<\/span><\/span><\/p><p style=\"text-align: justify; text-indent: 1.0cm; margin: 11.05pt 26.4pt .0001pt -1.0cm;\"><span style=\"white-space: pre-wrap;\"><span style=\"font-family: 'Arial',sans-serif; color: black;\">No sistema log\u00edstico por exigir formas de otimizar o espa\u00e7o na ind\u00fastria para agregar valor ao produto ou ao servi\u00e7o oferecido, faz com que o investimento na armazenagem se torne menor, levando a empresa a maior produtividade, agilidade e, consequentemente, oferecer impactos positivos na lucratividade.\u00a0<\/span><\/span><\/p><p>\u00a0<\/p><p style=\"margin-left: -1.0cm; text-align: justify; text-indent: 1.0cm;\"><span style=\"font-size: 12.0pt; line-height: 107%; font-family: 'Arial',sans-serif;\">\u00a0<\/span><\/p>\t\t\t\t\t\t\t\t<\/div>\n\t\t\t\t<\/div>\n\t\t\t\t\t<\/div>\n\t\t<\/div>\n\t\t\t\t<div class=\"elementor-column elementor-col-33 elementor-top-column elementor-element elementor-element-c3acf2f\" data-id=\"c3acf2f\" data-element_type=\"column\" data-e-type=\"column\">\n\t\t\t<div class=\"elementor-widget-wrap elementor-element-populated\">\n\t\t\t\t\t\t<div class=\"elementor-element elementor-element-ff67937 elementor-widget elementor-widget-image\" data-id=\"ff67937\" data-element_type=\"widget\" data-e-type=\"widget\" data-widget_type=\"image.default\">\n\t\t\t\t<div class=\"elementor-widget-container\">\n\t\t\t\t\t\t\t\t\t\t\t\t\t\t\t<img fetchpriority=\"high\" decoding=\"async\" width=\"800\" height=\"600\" src=\"https:\/\/bosonconsultoria.com\/wp-content\/uploads\/2020\/08\/WhatsApp-Image-2020-08-03-at-14.01.41-1024x768.jpeg\" class=\"attachment-large size-large wp-image-1098\" alt=\"lixo em local errado\" srcset=\"https:\/\/bosonconsultoria.com\/wp-content\/uploads\/2020\/08\/WhatsApp-Image-2020-08-03-at-14.01.41-1024x768.jpeg 1024w, https:\/\/bosonconsultoria.com\/wp-content\/uploads\/2020\/08\/WhatsApp-Image-2020-08-03-at-14.01.41-300x225.jpeg 300w, https:\/\/bosonconsultoria.com\/wp-content\/uploads\/2020\/08\/WhatsApp-Image-2020-08-03-at-14.01.41-768x576.jpeg 768w, https:\/\/bosonconsultoria.com\/wp-content\/uploads\/2020\/08\/WhatsApp-Image-2020-08-03-at-14.01.41.jpeg 1280w\" sizes=\"(max-width: 800px) 100vw, 800px\" \/>\t\t\t\t\t\t\t\t\t\t\t\t\t\t\t<\/div>\n\t\t\t\t<\/div>\n\t\t\t\t\t<\/div>\n\t\t<\/div>\n\t\t\t\t\t<\/div>\n\t\t<\/section>\n\t\t\t\t<\/div>\n\t\t","protected":false},"excerpt":{"rendered":"<p>&nbsp; &nbsp; &nbsp; &nbsp; &nbsp; &nbsp; DESCUBRA COMO OTIMIZAR ESPA\u00c7O PARA IMPACTAR SEU&nbsp; &nbsp;NEG\u00d3CIO&nbsp; O QUE \u00c9 O PGRS?&nbsp; O PGRS \u00e9 um documento que comprova que um empreendimento tem capacidade de gerir de uma forma ambientalmente correta os res\u00edduos que foram gerados em seus processos produtivos.&nbsp; Esse documento prev\u00ea um conjunto de a\u00e7\u00f5es relacionadas [&hellip;]<\/p>\n","protected":false},"author":1,"featured_media":1098,"comment_status":"open","ping_status":"open","sticky":false,"template":"","format":"standard","meta":{"_joinchat":[],"footnotes":""},"categories":[1],"tags":[6,26,32,33,34],"class_list":["post-1097","post","type-post","status-publish","format-standard","has-post-thumbnail","hentry","category-sem-categoria","tag-apucarana","tag-arapongas","tag-otimizacao-de-espaco","tag-otimizar-espaco","tag-otimizar-espaco-para-impactar-o-negocio"],"_links":{"self":[{"href":"https:\/\/bosonconsultoria.com\/index.php\/wp-json\/wp\/v2\/posts\/1097","targetHints":{"allow":["GET"]}}],"collection":[{"href":"https:\/\/bosonconsultoria.com\/index.php\/wp-json\/wp\/v2\/posts"}],"about":[{"href":"https:\/\/bosonconsultoria.com\/index.php\/wp-json\/wp\/v2\/types\/post"}],"author":[{"embeddable":true,"href":"https:\/\/bosonconsultoria.com\/index.php\/wp-json\/wp\/v2\/users\/1"}],"replies":[{"embeddable":true,"href":"https:\/\/bosonconsultoria.com\/index.php\/wp-json\/wp\/v2\/comments?post=1097"}],"version-history":[{"count":0,"href":"https:\/\/bosonconsultoria.com\/index.php\/wp-json\/wp\/v2\/posts\/1097\/revisions"}],"wp:featuredmedia":[{"embeddable":true,"href":"https:\/\/bosonconsultoria.com\/index.php\/wp-json\/wp\/v2\/media\/1098"}],"wp:attachment":[{"href":"https:\/\/bosonconsultoria.com\/index.php\/wp-json\/wp\/v2\/media?parent=1097"}],"wp:term":[{"taxonomy":"category","embeddable":true,"href":"https:\/\/bosonconsultoria.com\/index.php\/wp-json\/wp\/v2\/categories?post=1097"},{"taxonomy":"post_tag","embeddable":true,"href":"https:\/\/bosonconsultoria.com\/index.php\/wp-json\/wp\/v2\/tags?post=1097"}],"curies":[{"name":"wp","href":"https:\/\/api.w.org\/{rel}","templated":true}]}}